{"id":1038,"date":"2026-03-11T06:21:45","date_gmt":"2026-03-11T06:21:45","guid":{"rendered":"https:\/\/www.les-travers-du-vent.ch\/?p=1038"},"modified":"2026-03-11T06:21:45","modified_gmt":"2026-03-11T06:21:45","slug":"ernst-zurcher-invite-des-travers-du-vent","status":"publish","type":"post","link":"https:\/\/www.les-travers-du-vent.ch\/index.php\/2026\/03\/11\/ernst-zurcher-invite-des-travers-du-vent\/","title":{"rendered":"Ernst Z\u00fcrcher: invit\u00e9 des Travers du Vent"},"content":{"rendered":"\n<p><strong>Ernst Z\u00fcrcher est un ing\u00e9nieur forestier suisse et auteur de nombreux ouvrages, films et conf\u00e9rences d\u00e9di\u00e9s aux arbres et \u00e0 l&rsquo;agroforesterie. Cet expert de renomm\u00e9e internationale porte un regard inspirant sur les v\u00e9g\u00e9taux. Il nous permet de d\u00e9couvrir ce qu&rsquo;ils ont de visible et ce qui est invisible \u00e0 nos yeux et pourtant, essentiel aux cycles du vivant. Il approche les arbres comme des organismes formant une sylvosph\u00e8re, ce que les anciens appelaient \u00abl\u2019esprit de la for\u00eat\u00bb.<\/strong><\/p>\n\n\n\n<div class=\"wp-block-group\"><div class=\"wp-block-group__inner-container is-layout-constrained wp-block-group-is-layout-constrained\">\n<div class=\"wp-block-columns is-layout-flex wp-container-core-columns-is-layout-9d6595d7 wp-block-columns-is-layout-flex\">\n<div class=\"wp-block-column is-layout-flow wp-block-column-is-layout-flow\" style=\"flex-basis:100%\">\n<figure class=\"wp-block-gallery has-nested-images columns-default is-cropped wp-block-gallery-1 is-layout-flex wp-block-gallery-is-layout-flex\">\n<figure class=\"wp-block-image size-large\"><img loading=\"lazy\" decoding=\"async\" width=\"1024\" height=\"768\" data-id=\"1041\" src=\"https:\/\/www.les-travers-du-vent.ch\/wp-content\/uploads\/2026\/03\/Ernst_ZurchercYoannDuriaux_fullsize-1024x768.jpg\" alt=\"\" class=\"wp-image-1041\" srcset=\"https:\/\/www.les-travers-du-vent.ch\/wp-content\/uploads\/2026\/03\/Ernst_ZurchercYoannDuriaux_fullsize-1024x768.jpg 1024w, https:\/\/www.les-travers-du-vent.ch\/wp-content\/uploads\/2026\/03\/Ernst_ZurchercYoannDuriaux_fullsize-300x225.jpg 300w, https:\/\/www.les-travers-du-vent.ch\/wp-content\/uploads\/2026\/03\/Ernst_ZurchercYoannDuriaux_fullsize-768x576.jpg 768w, https:\/\/www.les-travers-du-vent.ch\/wp-content\/uploads\/2026\/03\/Ernst_ZurchercYoannDuriaux_fullsize-1536x1152.jpg 1536w, https:\/\/www.les-travers-du-vent.ch\/wp-content\/uploads\/2026\/03\/Ernst_ZurchercYoannDuriaux_fullsize-2048x1536.jpg 2048w\" sizes=\"auto, (max-width: 706px) 89vw, (max-width: 767px) 82vw, 740px\" \/><\/figure>\n<\/figure>\n<\/div>\n<\/div>\n<\/div><\/div>\n\n\n\n<p>Un nouveau regard sur la nature, selon une d\u00e9marche scientifique fonctionnelle, permet de lever le voile des apparences et de r\u00e9v\u00e9ler des particularit\u00e9s insoup\u00e7onn\u00e9es des arbres. En particulier lorsqu\u2019ils s\u2019associent pour former des for\u00eats, ils constituent des \u00ab&nbsp;m\u00e9ta-organismes&nbsp;\u00bb dot\u00e9s d\u2019une enveloppe de protection et d\u2019\u00e9change : la SYLVOSPH\u00c8RE. La faune qu\u2019abrite cette enveloppe, ainsi que les champignons mycorhiziens, peuvent \u00eatre, par cette approche fonctionnelle, compris comme les organes d\u2019une \u00ab&nbsp;intelligence collective&nbsp;\u00bb foresti\u00e8re.<\/p>\n\n\n\n<p><strong>Quand<\/strong>: jeudi 26 mars 2026 \u00e0 19h00<br><strong>O\u00f9<\/strong>: \u00e0 la grande salle Fleurisia (Rue du Pr\u00e9 8) \u00e0 Fleurier<br><strong>Mais encore<\/strong>: Entr\u00e9e libre et ap\u00e9ritif.<\/p>\n","protected":false},"excerpt":{"rendered":"<p>Ernst Z\u00fcrcher est un ing\u00e9nieur forestier suisse et auteur de nombreux ouvrages, films et conf\u00e9rences d\u00e9di\u00e9s aux arbres et \u00e0 l&rsquo;agroforesterie. Cet expert de renomm\u00e9e internationale porte un regard inspirant sur les v\u00e9g\u00e9taux. Il nous permet de d\u00e9couvrir ce qu&rsquo;ils ont de visible et ce qui est invisible \u00e0 nos yeux et pourtant, essentiel aux &hellip; <\/p>\n<p class=\"link-more\"><a href=\"https:\/\/www.les-travers-du-vent.ch\/index.php\/2026\/03\/11\/ernst-zurcher-invite-des-travers-du-vent\/\" class=\"more-link\">Continuer la lecture<span class=\"screen-reader-text\"> de &laquo;&nbsp;Ernst Z\u00fcrcher: invit\u00e9 des Travers du Vent&nbsp;&raquo;<\/span><\/a><\/p>\n","protected":false},"author":1,"featured_media":0,"comment_status":"closed","ping_status":"closed","sticky":false,"template":"","format":"standard","meta":{"footnotes":""},"categories":[9],"tags":[],"class_list":["post-1038","post","type-post","status-publish","format-standard","hentry","category-travers-du-vent-3"],"_links":{"self":[{"href":"https:\/\/www.les-travers-du-vent.ch\/index.php\/wp-json\/wp\/v2\/posts\/1038","targetHints":{"allow":["GET"]}}],"collection":[{"href":"https:\/\/www.les-travers-du-vent.ch\/index.php\/wp-json\/wp\/v2\/posts"}],"about":[{"href":"https:\/\/www.les-travers-du-vent.ch\/index.php\/wp-json\/wp\/v2\/types\/post"}],"author":[{"embeddable":true,"href":"https:\/\/www.les-travers-du-vent.ch\/index.php\/wp-json\/wp\/v2\/users\/1"}],"replies":[{"embeddable":true,"href":"https:\/\/www.les-travers-du-vent.ch\/index.php\/wp-json\/wp\/v2\/comments?post=1038"}],"version-history":[{"count":2,"href":"https:\/\/www.les-travers-du-vent.ch\/index.php\/wp-json\/wp\/v2\/posts\/1038\/revisions"}],"predecessor-version":[{"id":1042,"href":"https:\/\/www.les-travers-du-vent.ch\/index.php\/wp-json\/wp\/v2\/posts\/1038\/revisions\/1042"}],"wp:attachment":[{"href":"https:\/\/www.les-travers-du-vent.ch\/index.php\/wp-json\/wp\/v2\/media?parent=1038"}],"wp:term":[{"taxonomy":"category","embeddable":true,"href":"https:\/\/www.les-travers-du-vent.ch\/index.php\/wp-json\/wp\/v2\/categories?post=1038"},{"taxonomy":"post_tag","embeddable":true,"href":"https:\/\/www.les-travers-du-vent.ch\/index.php\/wp-json\/wp\/v2\/tags?post=1038"}],"curies":[{"name":"wp","href":"https:\/\/api.w.org\/{rel}","templated":true}]}}