{"id":319,"date":"2016-08-04T14:30:09","date_gmt":"2016-08-04T14:30:09","guid":{"rendered":"http:\/\/www.les-travers-du-vent.ch\/?p=319"},"modified":"2016-08-24T07:53:38","modified_gmt":"2016-08-24T07:53:38","slug":"la-campagne-referendaire-bat-son-plein","status":"publish","type":"post","link":"https:\/\/www.les-travers-du-vent.ch\/index.php\/2016\/08\/04\/la-campagne-referendaire-bat-son-plein\/","title":{"rendered":"La campagne r\u00e9f\u00e9rendaire bat son plein"},"content":{"rendered":"<p>Ne manquez pas les manifestations qui ont lieu dans le cadre de la <strong><a href=\"http:\/\/www.les-travers-du-vent.ch\/wp-content\/uploads\/2016\/08\/Votez-NON.pdf\" target=\"_blank\">votation du 25 septembre <\/a><\/strong>sur le plan d\u2019am\u00e9nagement de Buttes. Du<strong> 12 au 26 ao\u00fbt<\/strong> (sauf les jeudis), Thierry Ray et Yves Bilat exposent leurs photographies sur les esp\u00e8ces animali\u00e8res menac\u00e9es de destruction par le parc \u00e9olien industriel de la Montagne de Buttes (<a href=\"http:\/\/www.les-travers-du-vent.ch\/wp-content\/uploads\/2016\/08\/Votez-NON.pdf\" target=\"_blank\">flyer<\/a>). Le <strong>jeudi 18 ao\u00fbt<\/strong>, \u00e0 19h30 \u00e0 la salle Fleurisia, le comit\u00e9 r\u00e9f\u00e9rendaire organise une soir\u00e9e d&rsquo;information sur les enjeux de la votation. Venez nombreux, informez-vous, engagez-vous \u00e0 nos c\u00f4t\u00e9s\u00a0!<\/p>\n<p><img loading=\"lazy\" decoding=\"async\" class=\"aligncenter wp-image-324\" src=\"http:\/\/www.les-travers-du-vent.ch\/wp-content\/uploads\/2016\/08\/Thierry-Ray-Chouette.jpg\" alt=\"Thierry Ray Chouette\" width=\"262\" height=\"174\" \/><\/p>\n<p>&nbsp;<\/p>\n","protected":false},"excerpt":{"rendered":"<p>Ne manquez pas les manifestations qui ont lieu dans le cadre de la votation du 25 septembre sur le plan d\u2019am\u00e9nagement de Buttes. Du 12 au 26 ao\u00fbt (sauf les jeudis), Thierry Ray et Yves Bilat exposent leurs photographies sur les esp\u00e8ces animali\u00e8res menac\u00e9es de destruction par le parc \u00e9olien industriel de la Montagne de &hellip; <\/p>\n<p class=\"link-more\"><a href=\"https:\/\/www.les-travers-du-vent.ch\/index.php\/2016\/08\/04\/la-campagne-referendaire-bat-son-plein\/\" class=\"more-link\">Continuer la lecture<span class=\"screen-reader-text\"> de &laquo;&nbsp;La campagne r\u00e9f\u00e9rendaire bat son plein&nbsp;&raquo;<\/span><\/a><\/p>\n","protected":false},"author":1,"featured_media":0,"comment_status":"closed","ping_status":"closed","sticky":false,"template":"","format":"standard","meta":{"footnotes":""},"categories":[9],"tags":[],"class_list":["post-319","post","type-post","status-publish","format-standard","hentry","category-travers-du-vent-3"],"_links":{"self":[{"href":"https:\/\/www.les-travers-du-vent.ch\/index.php\/wp-json\/wp\/v2\/posts\/319","targetHints":{"allow":["GET"]}}],"collection":[{"href":"https:\/\/www.les-travers-du-vent.ch\/index.php\/wp-json\/wp\/v2\/posts"}],"about":[{"href":"https:\/\/www.les-travers-du-vent.ch\/index.php\/wp-json\/wp\/v2\/types\/post"}],"author":[{"embeddable":true,"href":"https:\/\/www.les-travers-du-vent.ch\/index.php\/wp-json\/wp\/v2\/users\/1"}],"replies":[{"embeddable":true,"href":"https:\/\/www.les-travers-du-vent.ch\/index.php\/wp-json\/wp\/v2\/comments?post=319"}],"version-history":[{"count":12,"href":"https:\/\/www.les-travers-du-vent.ch\/index.php\/wp-json\/wp\/v2\/posts\/319\/revisions"}],"predecessor-version":[{"id":355,"href":"https:\/\/www.les-travers-du-vent.ch\/index.php\/wp-json\/wp\/v2\/posts\/319\/revisions\/355"}],"wp:attachment":[{"href":"https:\/\/www.les-travers-du-vent.ch\/index.php\/wp-json\/wp\/v2\/media?parent=319"}],"wp:term":[{"taxonomy":"category","embeddable":true,"href":"https:\/\/www.les-travers-du-vent.ch\/index.php\/wp-json\/wp\/v2\/categories?post=319"},{"taxonomy":"post_tag","embeddable":true,"href":"https:\/\/www.les-travers-du-vent.ch\/index.php\/wp-json\/wp\/v2\/tags?post=319"}],"curies":[{"name":"wp","href":"https:\/\/api.w.org\/{rel}","templated":true}]}}