{"id":332,"date":"2016-08-16T09:00:12","date_gmt":"2016-08-16T09:00:12","guid":{"rendered":"http:\/\/www.les-travers-du-vent.ch\/?p=332"},"modified":"2016-12-13T05:52:22","modified_gmt":"2016-12-13T05:52:22","slug":"le-25-septembre-2016-votez-non","status":"publish","type":"post","link":"https:\/\/www.les-travers-du-vent.ch\/index.php\/2016\/08\/16\/le-25-septembre-2016-votez-non\/","title":{"rendered":"Le 25 septembre 2016: votez NON"},"content":{"rendered":"<p>Les citoyennes et citoyens de la Commune de Val-de-Travers se prononceront le 25 septembre sur la modification partielle du plan d&rsquo;am\u00e9nagement local de Buttes, secteur \u00ab\u00a0Chez Maurice Dessus\u00a0\u00bb. <strong>Dites NON \u00e0 la destruction d&rsquo;un espace prot\u00e9g\u00e9 et \u00e0 l&rsquo;industrialisation d\u00e9brid\u00e9e de nos montagnes.<\/strong> Arguments et flyer<strong> <a href=\"http:\/\/www.les-travers-du-vent.ch\/wp-content\/uploads\/2016\/08\/Votez_NON.pdf\" target=\"_blank\">ici<\/a>. <\/strong><\/p>\n<p><img decoding=\"async\" class=\"wp-image-367 alignleft\" src=\"http:\/\/www.les-travers-du-vent.ch\/wp-content\/uploads\/2016\/08\/Votez-NON.jpg\" alt=\"Votez NON\" width=\"100%\" height=\"759\" srcset=\"https:\/\/www.les-travers-du-vent.ch\/wp-content\/uploads\/2016\/08\/Votez-NON.jpg 699w, https:\/\/www.les-travers-du-vent.ch\/wp-content\/uploads\/2016\/08\/Votez-NON-212x300.jpg 212w\" sizes=\"(max-width: 699px) 100vw, 699px\" \/><\/p>\n","protected":false},"excerpt":{"rendered":"<p>Les citoyennes et citoyens de la Commune de Val-de-Travers se prononceront le 25 septembre sur la modification partielle du plan d&rsquo;am\u00e9nagement local de Buttes, secteur \u00ab\u00a0Chez Maurice Dessus\u00a0\u00bb. Dites NON \u00e0 la destruction d&rsquo;un espace prot\u00e9g\u00e9 et \u00e0 l&rsquo;industrialisation d\u00e9brid\u00e9e de nos montagnes. Arguments et flyer ici.<\/p>\n","protected":false},"author":1,"featured_media":0,"comment_status":"closed","ping_status":"closed","sticky":false,"template":"","format":"standard","meta":{"footnotes":""},"categories":[9],"tags":[],"class_list":["post-332","post","type-post","status-publish","format-standard","hentry","category-travers-du-vent-3"],"_links":{"self":[{"href":"https:\/\/www.les-travers-du-vent.ch\/index.php\/wp-json\/wp\/v2\/posts\/332","targetHints":{"allow":["GET"]}}],"collection":[{"href":"https:\/\/www.les-travers-du-vent.ch\/index.php\/wp-json\/wp\/v2\/posts"}],"about":[{"href":"https:\/\/www.les-travers-du-vent.ch\/index.php\/wp-json\/wp\/v2\/types\/post"}],"author":[{"embeddable":true,"href":"https:\/\/www.les-travers-du-vent.ch\/index.php\/wp-json\/wp\/v2\/users\/1"}],"replies":[{"embeddable":true,"href":"https:\/\/www.les-travers-du-vent.ch\/index.php\/wp-json\/wp\/v2\/comments?post=332"}],"version-history":[{"count":10,"href":"https:\/\/www.les-travers-du-vent.ch\/index.php\/wp-json\/wp\/v2\/posts\/332\/revisions"}],"predecessor-version":[{"id":368,"href":"https:\/\/www.les-travers-du-vent.ch\/index.php\/wp-json\/wp\/v2\/posts\/332\/revisions\/368"}],"wp:attachment":[{"href":"https:\/\/www.les-travers-du-vent.ch\/index.php\/wp-json\/wp\/v2\/media?parent=332"}],"wp:term":[{"taxonomy":"category","embeddable":true,"href":"https:\/\/www.les-travers-du-vent.ch\/index.php\/wp-json\/wp\/v2\/categories?post=332"},{"taxonomy":"post_tag","embeddable":true,"href":"https:\/\/www.les-travers-du-vent.ch\/index.php\/wp-json\/wp\/v2\/tags?post=332"}],"curies":[{"name":"wp","href":"https:\/\/api.w.org\/{rel}","templated":true}]}}