{"id":550,"date":"2017-06-29T12:54:45","date_gmt":"2017-06-29T12:54:45","guid":{"rendered":"http:\/\/www.les-travers-du-vent.ch\/?p=550"},"modified":"2017-06-29T12:54:45","modified_gmt":"2017-06-29T12:54:45","slug":"un-vent-mauvais-souffle-depuis-berne","status":"publish","type":"post","link":"https:\/\/www.les-travers-du-vent.ch\/index.php\/2017\/06\/29\/un-vent-mauvais-souffle-depuis-berne\/","title":{"rendered":"Un vent mauvais souffle depuis Berne"},"content":{"rendered":"<p><strong>Le Conseil f\u00e9d\u00e9ral vient de d\u00e9cider de sa politique \u00e9olienne au m\u00e9pris des remarques qui ont \u00e9t\u00e9 faite \u00e0 son sujet, notamment par l\u2019association les Travers du Vent. Contrairement aux nombreuses promesses faites par les partisans et les autorit\u00e9s lors de la campagne sur la strat\u00e9gie \u00e9nerg\u00e9tique 2050 \u00ab il n\u2019y aura pas beaucoup d\u2019\u00e9oliennes\u2026 \u00bb, c\u2019est bien 1000 \u00e9oliennes que la Conf\u00e9d\u00e9ration entend construire \u00e0 terme dans nos paysages.<\/strong><\/p>\n<p>Le Conseil f\u00e9d\u00e9ral insiste que la Strat\u00e9gie \u00e9nerg\u00e9tique 2050 s\u2019accompagne d\u2019\u00ab\u00a0une nette augmentation de la production d\u2019\u00e9lectricit\u00e9 issue de l\u2019\u00e9nergie \u00e9olienne\u00a0\u00bb.<\/p>\n<p>Sans surprise, la Conf\u00e9d\u00e9ration veut faire porter le fardeau essentiellement \u00e0 la Suisse romande\u00a0: l\u2019arc jurassien et le Canton de Vaud subiront l\u2019essentiel des cons\u00e9quences. Pour le Val-de-Travers, cette conception constitue une preuve de plus qu\u2019il est destin\u00e9 \u00e0 devenir la poubelle \u00e9olienne de la Suisse enti\u00e8re, puisqu\u2019il devra accueillir environ 15% de toutes les \u00e9oliennes pr\u00e9vues en Suisse.<\/p>\n<p><a href=\"http:\/\/www.paysage-libre.ch\/?p=924\" target=\"_blank\" rel=\"noopener\"><strong>En savoir plus<\/strong><\/a><\/p>\n<p><img loading=\"lazy\" decoding=\"async\" class=\"alignnone size-full wp-image-549\" src=\"http:\/\/www.les-travers-du-vent.ch\/wp-content\/uploads\/2017\/06\/pinwheel-1649778_1920_libre_droits_pixabay.jpg\" alt=\"\" width=\"1440\" height=\"1920\" srcset=\"https:\/\/www.les-travers-du-vent.ch\/wp-content\/uploads\/2017\/06\/pinwheel-1649778_1920_libre_droits_pixabay.jpg 1440w, https:\/\/www.les-travers-du-vent.ch\/wp-content\/uploads\/2017\/06\/pinwheel-1649778_1920_libre_droits_pixabay-225x300.jpg 225w, https:\/\/www.les-travers-du-vent.ch\/wp-content\/uploads\/2017\/06\/pinwheel-1649778_1920_libre_droits_pixabay-768x1024.jpg 768w\" sizes=\"auto, (max-width: 706px) 89vw, (max-width: 767px) 82vw, 740px\" \/><\/p>\n","protected":false},"excerpt":{"rendered":"<p>Le Conseil f\u00e9d\u00e9ral vient de d\u00e9cider de sa politique \u00e9olienne au m\u00e9pris des remarques qui ont \u00e9t\u00e9 faite \u00e0 son sujet, notamment par l\u2019association les Travers du Vent. Contrairement aux nombreuses promesses faites par les partisans et les autorit\u00e9s lors de la campagne sur la strat\u00e9gie \u00e9nerg\u00e9tique 2050 \u00ab il n\u2019y aura pas beaucoup d\u2019\u00e9oliennes\u2026 &hellip; <\/p>\n<p class=\"link-more\"><a href=\"https:\/\/www.les-travers-du-vent.ch\/index.php\/2017\/06\/29\/un-vent-mauvais-souffle-depuis-berne\/\" class=\"more-link\">Continuer la lecture<span class=\"screen-reader-text\"> de &laquo;&nbsp;Un vent mauvais souffle depuis Berne&nbsp;&raquo;<\/span><\/a><\/p>\n","protected":false},"author":1,"featured_media":0,"comment_status":"closed","ping_status":"closed","sticky":false,"template":"","format":"standard","meta":{"footnotes":""},"categories":[9],"tags":[],"class_list":["post-550","post","type-post","status-publish","format-standard","hentry","category-travers-du-vent-3"],"_links":{"self":[{"href":"https:\/\/www.les-travers-du-vent.ch\/index.php\/wp-json\/wp\/v2\/posts\/550","targetHints":{"allow":["GET"]}}],"collection":[{"href":"https:\/\/www.les-travers-du-vent.ch\/index.php\/wp-json\/wp\/v2\/posts"}],"about":[{"href":"https:\/\/www.les-travers-du-vent.ch\/index.php\/wp-json\/wp\/v2\/types\/post"}],"author":[{"embeddable":true,"href":"https:\/\/www.les-travers-du-vent.ch\/index.php\/wp-json\/wp\/v2\/users\/1"}],"replies":[{"embeddable":true,"href":"https:\/\/www.les-travers-du-vent.ch\/index.php\/wp-json\/wp\/v2\/comments?post=550"}],"version-history":[{"count":2,"href":"https:\/\/www.les-travers-du-vent.ch\/index.php\/wp-json\/wp\/v2\/posts\/550\/revisions"}],"predecessor-version":[{"id":552,"href":"https:\/\/www.les-travers-du-vent.ch\/index.php\/wp-json\/wp\/v2\/posts\/550\/revisions\/552"}],"wp:attachment":[{"href":"https:\/\/www.les-travers-du-vent.ch\/index.php\/wp-json\/wp\/v2\/media?parent=550"}],"wp:term":[{"taxonomy":"category","embeddable":true,"href":"https:\/\/www.les-travers-du-vent.ch\/index.php\/wp-json\/wp\/v2\/categories?post=550"},{"taxonomy":"post_tag","embeddable":true,"href":"https:\/\/www.les-travers-du-vent.ch\/index.php\/wp-json\/wp\/v2\/tags?post=550"}],"curies":[{"name":"wp","href":"https:\/\/api.w.org\/{rel}","templated":true}]}}