{"id":633,"date":"2018-10-19T06:15:35","date_gmt":"2018-10-19T06:15:35","guid":{"rendered":"http:\/\/www.les-travers-du-vent.ch\/?p=633"},"modified":"2018-10-19T18:55:05","modified_gmt":"2018-10-19T18:55:05","slug":"une-riche-faune-ailee-a-la-montagne-de-buttes","status":"publish","type":"post","link":"https:\/\/www.les-travers-du-vent.ch\/index.php\/2018\/10\/19\/une-riche-faune-ailee-a-la-montagne-de-buttes\/","title":{"rendered":"Une riche faune ail\u00e9e \u00e0 La Montagne de Buttes"},"content":{"rendered":"<p>Un parc \u00e9olien industriel de 19 machines \u00e0 la Montagne de Buttes constituerait une menace grave pour nombre d&rsquo;oiseaux. A titre d&rsquo;exemple, l&rsquo;aigle royal, qui a r\u00e9cemment fait son retour dans le secteur, ainsi que la buse variable (ici au morphe tr\u00e8s clair). Tous deux ont \u00e9t\u00e9 photographi\u00e9s par Michel Maire aux Places. A l&rsquo;heure o\u00f9 les oiseaux disparaissent \u00e0 une vitesse alarmante, des parcs \u00e9oliens industriels du type de la Montagne de Buttes r\u00e9duisent gravement l&rsquo;habitat de la faune ail\u00e9e et constituent une atteinte irrem\u00e9diable pour la biodiversit\u00e9.<\/p>\n<figure id=\"attachment_623\" aria-describedby=\"caption-attachment-623\" style=\"width: 1115px\" class=\"wp-caption alignnone\"><img loading=\"lazy\" decoding=\"async\" class=\"size-full wp-image-623\" src=\"http:\/\/www.les-travers-du-vent.ch\/wp-content\/uploads\/2018\/10\/photo-12.jpg\" alt=\"\" width=\"1115\" height=\"691\" srcset=\"https:\/\/www.les-travers-du-vent.ch\/wp-content\/uploads\/2018\/10\/photo-12.jpg 1115w, https:\/\/www.les-travers-du-vent.ch\/wp-content\/uploads\/2018\/10\/photo-12-300x186.jpg 300w, https:\/\/www.les-travers-du-vent.ch\/wp-content\/uploads\/2018\/10\/photo-12-768x476.jpg 768w, https:\/\/www.les-travers-du-vent.ch\/wp-content\/uploads\/2018\/10\/photo-12-1024x635.jpg 1024w\" sizes=\"auto, (max-width: 706px) 89vw, (max-width: 767px) 82vw, 740px\" \/><figcaption id=\"caption-attachment-623\" class=\"wp-caption-text\">(c) Michel Maire<\/figcaption><\/figure>\n<p>Voir toute la galerie de photos <a href=\"http:\/\/www.les-travers-du-vent.ch\/index.php\/mont-de-buttes\/\" target=\"_blank\" rel=\"noopener\"><strong>ici<\/strong><\/a>.<\/p>\n","protected":false},"excerpt":{"rendered":"<p>Un parc \u00e9olien industriel de 19 machines \u00e0 la Montagne de Buttes constituerait une menace grave pour nombre d&rsquo;oiseaux. A titre d&rsquo;exemple, l&rsquo;aigle royal, qui a r\u00e9cemment fait son retour dans le secteur, ainsi que la buse variable (ici au morphe tr\u00e8s clair). Tous deux ont \u00e9t\u00e9 photographi\u00e9s par Michel Maire aux Places. A l&rsquo;heure &hellip; <\/p>\n<p class=\"link-more\"><a href=\"https:\/\/www.les-travers-du-vent.ch\/index.php\/2018\/10\/19\/une-riche-faune-ailee-a-la-montagne-de-buttes\/\" class=\"more-link\">Continuer la lecture<span class=\"screen-reader-text\"> de &laquo;&nbsp;Une riche faune ail\u00e9e \u00e0 La Montagne de Buttes&nbsp;&raquo;<\/span><\/a><\/p>\n","protected":false},"author":1,"featured_media":0,"comment_status":"closed","ping_status":"closed","sticky":false,"template":"","format":"standard","meta":{"footnotes":""},"categories":[9],"tags":[],"class_list":["post-633","post","type-post","status-publish","format-standard","hentry","category-travers-du-vent-3"],"_links":{"self":[{"href":"https:\/\/www.les-travers-du-vent.ch\/index.php\/wp-json\/wp\/v2\/posts\/633","targetHints":{"allow":["GET"]}}],"collection":[{"href":"https:\/\/www.les-travers-du-vent.ch\/index.php\/wp-json\/wp\/v2\/posts"}],"about":[{"href":"https:\/\/www.les-travers-du-vent.ch\/index.php\/wp-json\/wp\/v2\/types\/post"}],"author":[{"embeddable":true,"href":"https:\/\/www.les-travers-du-vent.ch\/index.php\/wp-json\/wp\/v2\/users\/1"}],"replies":[{"embeddable":true,"href":"https:\/\/www.les-travers-du-vent.ch\/index.php\/wp-json\/wp\/v2\/comments?post=633"}],"version-history":[{"count":6,"href":"https:\/\/www.les-travers-du-vent.ch\/index.php\/wp-json\/wp\/v2\/posts\/633\/revisions"}],"predecessor-version":[{"id":640,"href":"https:\/\/www.les-travers-du-vent.ch\/index.php\/wp-json\/wp\/v2\/posts\/633\/revisions\/640"}],"wp:attachment":[{"href":"https:\/\/www.les-travers-du-vent.ch\/index.php\/wp-json\/wp\/v2\/media?parent=633"}],"wp:term":[{"taxonomy":"category","embeddable":true,"href":"https:\/\/www.les-travers-du-vent.ch\/index.php\/wp-json\/wp\/v2\/categories?post=633"},{"taxonomy":"post_tag","embeddable":true,"href":"https:\/\/www.les-travers-du-vent.ch\/index.php\/wp-json\/wp\/v2\/tags?post=633"}],"curies":[{"name":"wp","href":"https:\/\/api.w.org\/{rel}","templated":true}]}}