{"id":644,"date":"2018-11-22T06:44:40","date_gmt":"2018-11-22T06:44:40","guid":{"rendered":"http:\/\/www.les-travers-du-vent.ch\/?p=644"},"modified":"2018-11-22T06:50:28","modified_gmt":"2018-11-22T06:50:28","slug":"ski-de-fond-ou-eoliennes-il-faut-choisir","status":"publish","type":"post","link":"https:\/\/www.les-travers-du-vent.ch\/index.php\/2018\/11\/22\/ski-de-fond-ou-eoliennes-il-faut-choisir\/","title":{"rendered":"Ski de fond ou \u00e9oliennes, il faut choisir"},"content":{"rendered":"<p><strong>La contradiction n\u2019aura pas manqu\u00e9 de sauter aux yeux des amateurs de sports d\u2019hiver\u00a0: dans son dernier bulletin, Neuch\u00e2tel Ski de Fond (NSF) publie une pleine page de publicit\u00e9 pour le parc \u00e9olien \u00ab\u00a0des Quatre Bornes\u00a0\u00bb (Bugnenets). Quelques agriculteurs y font croire \u00e0 tort que tous les autres sont rang\u00e9s derri\u00e8re eux, et qu\u2019un projet industriel de 200 millions de francs peut \u00eatre port\u00e9 par quelques paysans du coin. On sait bien qui tire les ficelles: le fribourgeois Groupe E.<\/strong><\/p>\n<figure id=\"attachment_646\" aria-describedby=\"caption-attachment-646\" style=\"width: 900px\" class=\"wp-caption alignnone\"><img loading=\"lazy\" decoding=\"async\" class=\"size-full wp-image-646\" src=\"http:\/\/www.les-travers-du-vent.ch\/wp-content\/uploads\/2018\/11\/GuillaumePerret_skiFond.jpg\" alt=\"\" width=\"900\" height=\"600\" srcset=\"https:\/\/www.les-travers-du-vent.ch\/wp-content\/uploads\/2018\/11\/GuillaumePerret_skiFond.jpg 900w, https:\/\/www.les-travers-du-vent.ch\/wp-content\/uploads\/2018\/11\/GuillaumePerret_skiFond-300x200.jpg 300w, https:\/\/www.les-travers-du-vent.ch\/wp-content\/uploads\/2018\/11\/GuillaumePerret_skiFond-768x512.jpg 768w\" sizes=\"auto, (max-width: 706px) 89vw, (max-width: 767px) 82vw, 740px\" \/><figcaption id=\"caption-attachment-646\" class=\"wp-caption-text\">(c) Neuchatel Tourisme Guillaume Perret<\/figcaption><\/figure>\n<p>Sur la page \u00e0-c\u00f4t\u00e9, l\u2019\u00e9ditorial du pr\u00e9sident de NSF est aux antipodes de cette propagande. Il constate avec s\u00e9rieux les cons\u00e9quences n\u00e9fastes du d\u00e9veloppement \u00e9olien sur la pratique du ski de fond. Des pistes enti\u00e8res devront \u00eatre supprim\u00e9es en raison du danger li\u00e9 aux projections de glace \u00e0 plusieurs centaines de m\u00e8tres. Inutile de pr\u00e9ciser d\u2019ailleurs que les autres sports d\u2019hiver sont \u00e9galement concern\u00e9s.<\/p>\n<p>Voil\u00e0 o\u00f9 nous m\u00e8nent les grands discours des promoteurs \u00e9oliens et de nos autorit\u00e9s\u00a0: \u00e0 des infrastructures industrielles (\u00e9oliennes g\u00e9antes de 207 m\u00e8tres de haut\u00a0!) qui transforment nos plus beaux espaces de loisirs en zones interdites. Atout de notre r\u00e9gion, le ski de fond, un des sports les plus \u00e9cologiques, est donc sacrifi\u00e9 sur l\u2019autel d\u2019\u00e9nergies pr\u00e9tendument propres. Ski de fond ou \u00e9oliennes? L\u2019\u00e9cologie n\u2019est pas toujours l\u00e0 o\u00f9 les d\u00e9cideurs veulent nous le faire croire.<\/p>\n","protected":false},"excerpt":{"rendered":"<p>La contradiction n\u2019aura pas manqu\u00e9 de sauter aux yeux des amateurs de sports d\u2019hiver\u00a0: dans son dernier bulletin, Neuch\u00e2tel Ski de Fond (NSF) publie une pleine page de publicit\u00e9 pour le parc \u00e9olien \u00ab\u00a0des Quatre Bornes\u00a0\u00bb (Bugnenets). Quelques agriculteurs y font croire \u00e0 tort que tous les autres sont rang\u00e9s derri\u00e8re eux, et qu\u2019un projet &hellip; <\/p>\n<p class=\"link-more\"><a href=\"https:\/\/www.les-travers-du-vent.ch\/index.php\/2018\/11\/22\/ski-de-fond-ou-eoliennes-il-faut-choisir\/\" class=\"more-link\">Continuer la lecture<span class=\"screen-reader-text\"> de &laquo;&nbsp;Ski de fond ou \u00e9oliennes, il faut choisir&nbsp;&raquo;<\/span><\/a><\/p>\n","protected":false},"author":1,"featured_media":0,"comment_status":"closed","ping_status":"closed","sticky":false,"template":"","format":"standard","meta":{"footnotes":""},"categories":[9],"tags":[],"class_list":["post-644","post","type-post","status-publish","format-standard","hentry","category-travers-du-vent-3"],"_links":{"self":[{"href":"https:\/\/www.les-travers-du-vent.ch\/index.php\/wp-json\/wp\/v2\/posts\/644","targetHints":{"allow":["GET"]}}],"collection":[{"href":"https:\/\/www.les-travers-du-vent.ch\/index.php\/wp-json\/wp\/v2\/posts"}],"about":[{"href":"https:\/\/www.les-travers-du-vent.ch\/index.php\/wp-json\/wp\/v2\/types\/post"}],"author":[{"embeddable":true,"href":"https:\/\/www.les-travers-du-vent.ch\/index.php\/wp-json\/wp\/v2\/users\/1"}],"replies":[{"embeddable":true,"href":"https:\/\/www.les-travers-du-vent.ch\/index.php\/wp-json\/wp\/v2\/comments?post=644"}],"version-history":[{"count":2,"href":"https:\/\/www.les-travers-du-vent.ch\/index.php\/wp-json\/wp\/v2\/posts\/644\/revisions"}],"predecessor-version":[{"id":647,"href":"https:\/\/www.les-travers-du-vent.ch\/index.php\/wp-json\/wp\/v2\/posts\/644\/revisions\/647"}],"wp:attachment":[{"href":"https:\/\/www.les-travers-du-vent.ch\/index.php\/wp-json\/wp\/v2\/media?parent=644"}],"wp:term":[{"taxonomy":"category","embeddable":true,"href":"https:\/\/www.les-travers-du-vent.ch\/index.php\/wp-json\/wp\/v2\/categories?post=644"},{"taxonomy":"post_tag","embeddable":true,"href":"https:\/\/www.les-travers-du-vent.ch\/index.php\/wp-json\/wp\/v2\/tags?post=644"}],"curies":[{"name":"wp","href":"https:\/\/api.w.org\/{rel}","templated":true}]}}