{"id":654,"date":"2019-01-31T12:52:14","date_gmt":"2019-01-31T12:52:14","guid":{"rendered":"http:\/\/www.les-travers-du-vent.ch\/?p=654"},"modified":"2019-01-31T12:52:14","modified_gmt":"2019-01-31T12:52:14","slug":"parcs-eoliens-au-val-de-travers-une-menace-pour-la-faune-ailee","status":"publish","type":"post","link":"https:\/\/www.les-travers-du-vent.ch\/index.php\/2019\/01\/31\/parcs-eoliens-au-val-de-travers-une-menace-pour-la-faune-ailee\/","title":{"rendered":"Parcs \u00e9oliens au Val-de-Travers, une menace pour la faune ail\u00e9e"},"content":{"rendered":"\n<p><strong>Deux \u00e9tudes r\u00e9cemment parues dans le Bulletin de la Soci\u00e9t\u00e9 neuch\u00e2teloise des sciences naturelles le montrent\u00a0: les projets \u00e9oliens du Val-de-Travers sont difficilement compatibles avec la survie des chauves-souris. Jusqu\u2019\u00e0 pr\u00e9sent, les scientifiques savaient que le Val-de-Travers h\u00e9bergeait d\u2019importantes colonies de chiropt\u00e8res. Ce qui n\u2019\u00e9tait en revanche pas connu, c\u2019est que ces chauves-souris montent dans le secteur des cr\u00eates pour se nourrir, pr\u00e9cis\u00e9ment l\u00e0 o\u00f9 sont pr\u00e9vus les projets \u00e9oliens du Val-de-Travers. <\/strong><\/p>\n\n\n\n<figure class=\"wp-block-image\"><img loading=\"lazy\" decoding=\"async\" width=\"1024\" height=\"683\" src=\"http:\/\/www.les-travers-du-vent.ch\/wp-content\/uploads\/2019\/01\/full-moon-3659317_1920_pixabay-1024x683.jpg\" alt=\"\" class=\"wp-image-653\" srcset=\"https:\/\/www.les-travers-du-vent.ch\/wp-content\/uploads\/2019\/01\/full-moon-3659317_1920_pixabay-1024x683.jpg 1024w, https:\/\/www.les-travers-du-vent.ch\/wp-content\/uploads\/2019\/01\/full-moon-3659317_1920_pixabay-300x200.jpg 300w, https:\/\/www.les-travers-du-vent.ch\/wp-content\/uploads\/2019\/01\/full-moon-3659317_1920_pixabay-768x512.jpg 768w, https:\/\/www.les-travers-du-vent.ch\/wp-content\/uploads\/2019\/01\/full-moon-3659317_1920_pixabay.jpg 1920w\" sizes=\"auto, (max-width: 706px) 89vw, (max-width: 767px) 82vw, 740px\" \/><figcaption>(c) Pixabay<\/figcaption><\/figure>\n\n\n\n<p>\u00ab&nbsp;Il y\na de grands d\u00e9placements toutes les nuits&nbsp;\u00bb, explique \u00e0 ArcInfo Thierry\nBohnenstengel, en charge de l\u2019\u00e9tude sur mandat du Canton de Neuch\u00e2tel et de la\nConf\u00e9d\u00e9ration. \u00ab&nbsp;M\u00eame pour la pipistrelle, la plus petite des chauves-souris\nlocales. Elle fait jusqu\u2019\u00e0 15 kilom\u00e8tres chaque soir pour aller se nourrir sur\nle lac en passant par les zones de cr\u00eates&nbsp;\u00bb. Parmi les zones de transit,\non compte\u2026 la Montagne de Buttes et Provence, toutes deux impact\u00e9es par un\nprojet \u00e9olien. Et parmi les zones de chasse, c\u2019est le Mont-de-Boveresse et le\nChasseron qui sont concern\u00e9s en premier lieu, o\u00f9 il est \u00e9galement pr\u00e9vu de\nconstruire deux parcs \u00e9oliens&nbsp;! <\/p>\n\n\n\n<p>On ne le\nr\u00e9p\u00e8tera jamais assez, les projets \u00e9oliens neuch\u00e2telois sont une menace s\u00e9v\u00e8re sur\nla biodiversit\u00e9. Une transition \u00e9nerg\u00e9tique ne peut se faire contre la nature,\ndit tr\u00e8s justement Philippe Roch, l\u2019ancien secr\u00e9taire d\u2019Etat \u00e0 l\u2019environnement.\nOn ne saurait mieux dire. <\/p>\n","protected":false},"excerpt":{"rendered":"<p>Deux \u00e9tudes r\u00e9cemment parues dans le Bulletin de la Soci\u00e9t\u00e9 neuch\u00e2teloise des sciences naturelles le montrent\u00a0: les projets \u00e9oliens du Val-de-Travers sont difficilement compatibles avec la survie des chauves-souris. Jusqu\u2019\u00e0 pr\u00e9sent, les scientifiques savaient que le Val-de-Travers h\u00e9bergeait d\u2019importantes colonies de chiropt\u00e8res. Ce qui n\u2019\u00e9tait en revanche pas connu, c\u2019est que ces chauves-souris montent dans &hellip; <\/p>\n<p class=\"link-more\"><a href=\"https:\/\/www.les-travers-du-vent.ch\/index.php\/2019\/01\/31\/parcs-eoliens-au-val-de-travers-une-menace-pour-la-faune-ailee\/\" class=\"more-link\">Continuer la lecture<span class=\"screen-reader-text\"> de &laquo;&nbsp;Parcs \u00e9oliens au Val-de-Travers, une menace pour la faune ail\u00e9e&nbsp;&raquo;<\/span><\/a><\/p>\n","protected":false},"author":1,"featured_media":0,"comment_status":"closed","ping_status":"closed","sticky":false,"template":"","format":"standard","meta":{"footnotes":""},"categories":[9],"tags":[],"class_list":["post-654","post","type-post","status-publish","format-standard","hentry","category-travers-du-vent-3"],"_links":{"self":[{"href":"https:\/\/www.les-travers-du-vent.ch\/index.php\/wp-json\/wp\/v2\/posts\/654","targetHints":{"allow":["GET"]}}],"collection":[{"href":"https:\/\/www.les-travers-du-vent.ch\/index.php\/wp-json\/wp\/v2\/posts"}],"about":[{"href":"https:\/\/www.les-travers-du-vent.ch\/index.php\/wp-json\/wp\/v2\/types\/post"}],"author":[{"embeddable":true,"href":"https:\/\/www.les-travers-du-vent.ch\/index.php\/wp-json\/wp\/v2\/users\/1"}],"replies":[{"embeddable":true,"href":"https:\/\/www.les-travers-du-vent.ch\/index.php\/wp-json\/wp\/v2\/comments?post=654"}],"version-history":[{"count":1,"href":"https:\/\/www.les-travers-du-vent.ch\/index.php\/wp-json\/wp\/v2\/posts\/654\/revisions"}],"predecessor-version":[{"id":655,"href":"https:\/\/www.les-travers-du-vent.ch\/index.php\/wp-json\/wp\/v2\/posts\/654\/revisions\/655"}],"wp:attachment":[{"href":"https:\/\/www.les-travers-du-vent.ch\/index.php\/wp-json\/wp\/v2\/media?parent=654"}],"wp:term":[{"taxonomy":"category","embeddable":true,"href":"https:\/\/www.les-travers-du-vent.ch\/index.php\/wp-json\/wp\/v2\/categories?post=654"},{"taxonomy":"post_tag","embeddable":true,"href":"https:\/\/www.les-travers-du-vent.ch\/index.php\/wp-json\/wp\/v2\/tags?post=654"}],"curies":[{"name":"wp","href":"https:\/\/api.w.org\/{rel}","templated":true}]}}