{"id":758,"date":"2020-05-18T12:47:04","date_gmt":"2020-05-18T12:47:04","guid":{"rendered":"https:\/\/www.les-travers-du-vent.ch\/?p=758"},"modified":"2020-05-18T12:47:04","modified_gmt":"2020-05-18T12:47:04","slug":"le-tribunal-federal-blanchit-le-passe-lobbyiste-des-politiciens","status":"publish","type":"post","link":"https:\/\/www.les-travers-du-vent.ch\/index.php\/2020\/05\/18\/le-tribunal-federal-blanchit-le-passe-lobbyiste-des-politiciens\/","title":{"rendered":"Le Tribunal f\u00e9d\u00e9ral blanchit le pass\u00e9 lobbyiste des politiciens"},"content":{"rendered":"\n<p><strong>L\u2019information est pass\u00e9e inaper\u00e7ue, elle est pourtant d\u00e9terminante pour le bon fonctionnement de notre d\u00e9mocratie&nbsp;: le Tribunal f\u00e9d\u00e9ral estime que les activit\u00e9s des membres d\u2019ex\u00e9cutifs \u00e0 la t\u00eate de lobbies avant leur \u00e9lection sont sans cons\u00e9quence sur leur activit\u00e9 dans un gouvernement. Ils ou elles ne doivent ainsi pas se r\u00e9cuser lors de d\u00e9cisions entrant en collision avec leur activit\u00e9 ant\u00e9rieure.<\/strong><\/p>\n\n\n\n<figure class=\"wp-block-image size-large\"><img loading=\"lazy\" decoding=\"async\" width=\"1024\" height=\"715\" src=\"https:\/\/www.les-travers-du-vent.ch\/wp-content\/uploads\/2020\/05\/Tribunal-Federal_ete_3-1024x715.jpg\" alt=\"\" class=\"wp-image-755\" srcset=\"https:\/\/www.les-travers-du-vent.ch\/wp-content\/uploads\/2020\/05\/Tribunal-Federal_ete_3-1024x715.jpg 1024w, https:\/\/www.les-travers-du-vent.ch\/wp-content\/uploads\/2020\/05\/Tribunal-Federal_ete_3-300x210.jpg 300w, https:\/\/www.les-travers-du-vent.ch\/wp-content\/uploads\/2020\/05\/Tribunal-Federal_ete_3-768x537.jpg 768w, https:\/\/www.les-travers-du-vent.ch\/wp-content\/uploads\/2020\/05\/Tribunal-Federal_ete_3.jpg 1500w\" sizes=\"auto, (max-width: 706px) 89vw, (max-width: 767px) 82vw, 740px\" \/><figcaption>(c) Tribunal f\u00e9d\u00e9ral<\/figcaption><\/figure>\n\n\n\n<p>Le Tribunal f\u00e9d\u00e9ral vient de publier un arr\u00eat (<strong><a href=\"https:\/\/www.bger.ch\/ext\/eurospider\/live\/fr\/php\/aza\/http\/index.php?highlight_docid=aza%3A%2F%2Faza:\/\/24-03-2020-1C_10-2020&amp;lang=fr&amp;zoom=&amp;type=show_document\" target=\"_blank\" rel=\"noreferrer noopener\">1C_10\/2020<\/a><\/strong>) rejetant un recours contre le projet de centrale \u00e9olienne de la Montagne de Buttes. D\u00e9pos\u00e9 par des habitants du Val-de-Travers, ce recours montrait que le Conseiller d\u2019Etat Laurent Favre aurait d\u00fb se r\u00e9cuser dans ce dossier, car il a pr\u00e9sid\u00e9 par le pass\u00e9 Suisse Eole, le lobby des promoteurs \u00e9oliens.<\/p>\n\n\n\n<p>Dans le cadre de son engagement militant en faveur des entreprises \u00e9oliennes entre 2008 et 2012, Laurent Favre \u00e9tait intervenu directement dans le d\u00e9bat autour de l\u2019initiative pour l\u2019Avenir des Cr\u00eates dans le Canton de Neuch\u00e2tel. Lors d\u2019une conf\u00e9rence de presse tenue en 2010 \u00e0 La Chaux-de-Fonds, Il d\u00e9non\u00e7ait ainsi \u00ab&nbsp;la publication de photomontages trompeurs et d\u2019affirmations mensong\u00e8res sur l\u2019\u00e9nergie \u00e9olienne&nbsp;\u00bb. Il accusait les opposants aux projets \u00e9oliens d\u2019\u00ab&nbsp;exag\u00e9rer grossi\u00e8rement certains impacts&nbsp;\u00bb et mettait en doute la motivation des auteurs de l\u2019initiative (ArcInfo, 4 novembre 2010).<\/p>\n\n\n\n<p>Le droit f\u00e9d\u00e9ral et cantonal est clair&nbsp;: les personnes appel\u00e9es \u00e0 rendre une d\u00e9cision doivent se r\u00e9cuser si elles peuvent avoir une opinion pr\u00e9con\u00e7ue sur l\u2019affaire trait\u00e9e. Pour Les Travers du Vent, il ne fait gu\u00e8re de doute que les opinions personnelles exprim\u00e9es par Laurent Favre sont incompatibles avec ses d\u00e9cisions en lien avec la politique \u00e9olienne du Canton, qui implique des pes\u00e9es d\u2019int\u00e9r\u00eats sensibles, et qu\u2019il devait se r\u00e9cuser.<\/p>\n\n\n\n<p>L\u2019association Les Travers du Vent prend acte de cet arr\u00eat avec circonspection. Au-del\u00e0 de la question \u00e9olienne, le Tribunal f\u00e9d\u00e9ral ferme ainsi la porte \u00e0 toute possibilit\u00e9 de r\u00e9cusation d&rsquo;un membre d&rsquo;un ex\u00e9cutif en rapport avec ses activit\u00e9s avant son \u00e9lection, ce qui para\u00eet hautement discutable, notamment dans un cas av\u00e9r\u00e9 comme celui de Laurent Favre. Un bel avenir financier s\u2019ouvre aux lobbies et \u00e0 leur client\u00e8le, mais les droits des citoyennes et des citoyens n\u2019en sortent pas grandis.<\/p>\n","protected":false},"excerpt":{"rendered":"<p>L\u2019information est pass\u00e9e inaper\u00e7ue, elle est pourtant d\u00e9terminante pour le bon fonctionnement de notre d\u00e9mocratie&nbsp;: le Tribunal f\u00e9d\u00e9ral estime que les activit\u00e9s des membres d\u2019ex\u00e9cutifs \u00e0 la t\u00eate de lobbies avant leur \u00e9lection sont sans cons\u00e9quence sur leur activit\u00e9 dans un gouvernement. Ils ou elles ne doivent ainsi pas se r\u00e9cuser lors de d\u00e9cisions entrant &hellip; <\/p>\n<p class=\"link-more\"><a href=\"https:\/\/www.les-travers-du-vent.ch\/index.php\/2020\/05\/18\/le-tribunal-federal-blanchit-le-passe-lobbyiste-des-politiciens\/\" class=\"more-link\">Continuer la lecture<span class=\"screen-reader-text\"> de &laquo;&nbsp;Le Tribunal f\u00e9d\u00e9ral blanchit le pass\u00e9 lobbyiste des politiciens&nbsp;&raquo;<\/span><\/a><\/p>\n","protected":false},"author":1,"featured_media":0,"comment_status":"closed","ping_status":"closed","sticky":false,"template":"","format":"standard","meta":{"footnotes":""},"categories":[9],"tags":[],"class_list":["post-758","post","type-post","status-publish","format-standard","hentry","category-travers-du-vent-3"],"_links":{"self":[{"href":"https:\/\/www.les-travers-du-vent.ch\/index.php\/wp-json\/wp\/v2\/posts\/758","targetHints":{"allow":["GET"]}}],"collection":[{"href":"https:\/\/www.les-travers-du-vent.ch\/index.php\/wp-json\/wp\/v2\/posts"}],"about":[{"href":"https:\/\/www.les-travers-du-vent.ch\/index.php\/wp-json\/wp\/v2\/types\/post"}],"author":[{"embeddable":true,"href":"https:\/\/www.les-travers-du-vent.ch\/index.php\/wp-json\/wp\/v2\/users\/1"}],"replies":[{"embeddable":true,"href":"https:\/\/www.les-travers-du-vent.ch\/index.php\/wp-json\/wp\/v2\/comments?post=758"}],"version-history":[{"count":1,"href":"https:\/\/www.les-travers-du-vent.ch\/index.php\/wp-json\/wp\/v2\/posts\/758\/revisions"}],"predecessor-version":[{"id":759,"href":"https:\/\/www.les-travers-du-vent.ch\/index.php\/wp-json\/wp\/v2\/posts\/758\/revisions\/759"}],"wp:attachment":[{"href":"https:\/\/www.les-travers-du-vent.ch\/index.php\/wp-json\/wp\/v2\/media?parent=758"}],"wp:term":[{"taxonomy":"category","embeddable":true,"href":"https:\/\/www.les-travers-du-vent.ch\/index.php\/wp-json\/wp\/v2\/categories?post=758"},{"taxonomy":"post_tag","embeddable":true,"href":"https:\/\/www.les-travers-du-vent.ch\/index.php\/wp-json\/wp\/v2\/tags?post=758"}],"curies":[{"name":"wp","href":"https:\/\/api.w.org\/{rel}","templated":true}]}}