{"id":765,"date":"2020-12-09T12:39:04","date_gmt":"2020-12-09T12:39:04","guid":{"rendered":"https:\/\/www.les-travers-du-vent.ch\/?p=765"},"modified":"2020-12-09T12:42:58","modified_gmt":"2020-12-09T12:42:58","slug":"eoliennes-a-temps-present-des-promesses-non-tenues-aussi-au-val-de-travers","status":"publish","type":"post","link":"https:\/\/www.les-travers-du-vent.ch\/index.php\/2020\/12\/09\/eoliennes-a-temps-present-des-promesses-non-tenues-aussi-au-val-de-travers\/","title":{"rendered":"Eoliennes \u00e0 Temps Pr\u00e9sent : des promesses non tenues aussi au Val-de-Travers ?"},"content":{"rendered":"\n<p><strong>La RTS a diffus\u00e9 le 3 d\u00e9cembre un \u00ab&nbsp;Temps Pr\u00e9sent&nbsp;\u00bb justement intitul\u00e9&nbsp;: \u00ab&nbsp;Eoliennes, et si on nous vendait du vent ?&nbsp;\u00bb. La premi\u00e8re cha\u00eene du service public y dresse un portrait bien document\u00e9 et nuanc\u00e9 des \u00e9oliennes sous l\u2019angle de leur rendement et de leur efficacit\u00e9. Malgr\u00e9 les dizaines d\u2019\u00e9oliennes pr\u00e9vues, le Val-de-Travers n\u2019y est pas \u00e9voqu\u00e9. Quelles le\u00e7ons peut-on tirer de l\u2019\u00e9mission pour notre r\u00e9gion&nbsp;?<\/strong><\/p>\n\n\n\n<figure class=\"wp-block-image size-large\"><img loading=\"lazy\" decoding=\"async\" width=\"1024\" height=\"768\" src=\"https:\/\/www.les-travers-du-vent.ch\/wp-content\/uploads\/2020\/12\/NufenencPLCH-1024x768.jpeg\" alt=\"\" class=\"wp-image-763\" srcset=\"https:\/\/www.les-travers-du-vent.ch\/wp-content\/uploads\/2020\/12\/NufenencPLCH-1024x768.jpeg 1024w, https:\/\/www.les-travers-du-vent.ch\/wp-content\/uploads\/2020\/12\/NufenencPLCH-300x225.jpeg 300w, https:\/\/www.les-travers-du-vent.ch\/wp-content\/uploads\/2020\/12\/NufenencPLCH-768x576.jpeg 768w, https:\/\/www.les-travers-du-vent.ch\/wp-content\/uploads\/2020\/12\/NufenencPLCH-1536x1152.jpeg 1536w, https:\/\/www.les-travers-du-vent.ch\/wp-content\/uploads\/2020\/12\/NufenencPLCH-2048x1536.jpeg 2048w\" sizes=\"auto, (max-width: 706px) 89vw, (max-width: 767px) 82vw, 740px\" \/><figcaption>(c) Paysage Libre Suisse<\/figcaption><\/figure>\n\n\n\n<p>Sur les hauteurs de Lausanne, les promoteurs \u00e9oliens du projet d\u2019Eoljorat Sud affichent des pr\u00e9visions de productivit\u00e9 d\u00e9connect\u00e9s de toute r\u00e9alit\u00e9, ce qu\u2019ils admettent \u00e0 demi-mot. Quant aux services industriels de Lucerne, ils ont rachet\u00e9 un parc \u00e9olien en Haut-Valais, le Nufenen, en sachant d\u00e9lib\u00e9r\u00e9ment qu\u2019il produisait \u00e0 perte et que les conditions de vent en Suisse ne permettent pas une exploitation rentable de l\u2019\u00e9olien. Seule explication possible du rachat de ce parc\u00a0: le marketing vert, et peu importe si derri\u00e8re se cache un gouffre financier.<\/p>\n\n\n\n<p>Quant \u00e0 Suisse Eole, qui rassemble l\u2019essentiel des promoteurs et d\u00e9fend leurs int\u00e9r\u00eats, elle n\u2019y va pas par quatre chemins&nbsp;: elle demande 1&rsquo;000 \u00e9oliennes en Suisse. Mais le lobby \u00e9olien s\u2019est-il demand\u00e9 o\u00f9 trouver la place pour concr\u00e9tiser ce fantasme&nbsp;?<\/p>\n\n\n\n<p>Qu\u2019en est-il dans le Val-de-Travers&nbsp;? Exactement comme dans \u00ab&nbsp;Temps Pr\u00e9sent&nbsp;\u00bb&nbsp;! Avec les nombreux parcs \u00e9oliens pr\u00e9vus (Montagne de Buttes, Chasseron, Creux-du-Van, Mont de Boveresse, Grandevent et un peu plus loin Ste-Croix), ce sont 80 machines qui sont pr\u00e9vues. Tout comme sur les hauteurs de Lausanne, les pr\u00e9visions de vent sont calcul\u00e9es avec un optimisme d\u00e9connect\u00e9 de la r\u00e9alit\u00e9. L\u2019Association Les Travers-du-Vent a mandat\u00e9 une expertise scientifique qui le montre. Pire encore, le respect des normes en mati\u00e8re de bruit entra\u00eenerait une chute vertigineuse du rendement, qui ferait de la Montagne de Buttes un \u00ab&nbsp;Nufenen bis&nbsp;\u00bb, malgr\u00e9 les subventions \u00e0 gogo pay\u00e9es par nous tous.<\/p>\n\n\n\n<p>Dans le Val-de-Travers comme partout ailleurs un constat s\u2019impose, confirm\u00e9 par \u00ab\u00a0Temps Pr\u00e9sent\u00a0\u00bb\u00a0: l\u2019\u00e9olien est une question de captation de subventions et de marketing \u00ab\u00a0vert\u00a0\u00bb. La \u00ab\u00a0sortie du nucl\u00e9aire\u00a0\u00bb et, pire encore, la \u00ab\u00a0protection du climat\u00a0\u00bb ne constituent que la couverture. Dommage pour notre r\u00e9gion, qui en paiera les cons\u00e9quences funestes sans en tirer le moindre avantage.<\/p>\n\n\n\n<p>Vers l&rsquo;\u00e9mission de Temps Pr\u00e9sent (RTS un): <strong><a href=\"https:\/\/pages.rts.ch\/emissions\/temps-present\/11689482-eoliennes-et-si-on-nous-vendait-du-vent-03-12-2020.html?anchor=11799749#11799749\" data-type=\"URL\" data-id=\"https:\/\/pages.rts.ch\/emissions\/temps-present\/11689482-eoliennes-et-si-on-nous-vendait-du-vent-03-12-2020.html?anchor=11799749#11799749\" target=\"_blank\" rel=\"noreferrer noopener\">lien<\/a><\/strong><\/p>\n","protected":false},"excerpt":{"rendered":"<p>La RTS a diffus\u00e9 le 3 d\u00e9cembre un \u00ab&nbsp;Temps Pr\u00e9sent&nbsp;\u00bb justement intitul\u00e9&nbsp;: \u00ab&nbsp;Eoliennes, et si on nous vendait du vent ?&nbsp;\u00bb. La premi\u00e8re cha\u00eene du service public y dresse un portrait bien document\u00e9 et nuanc\u00e9 des \u00e9oliennes sous l\u2019angle de leur rendement et de leur efficacit\u00e9. Malgr\u00e9 les dizaines d\u2019\u00e9oliennes pr\u00e9vues, le Val-de-Travers n\u2019y est &hellip; <\/p>\n<p class=\"link-more\"><a href=\"https:\/\/www.les-travers-du-vent.ch\/index.php\/2020\/12\/09\/eoliennes-a-temps-present-des-promesses-non-tenues-aussi-au-val-de-travers\/\" class=\"more-link\">Continuer la lecture<span class=\"screen-reader-text\"> de &laquo;&nbsp;Eoliennes \u00e0 Temps Pr\u00e9sent : des promesses non tenues aussi au Val-de-Travers ?&nbsp;&raquo;<\/span><\/a><\/p>\n","protected":false},"author":1,"featured_media":0,"comment_status":"closed","ping_status":"closed","sticky":false,"template":"","format":"standard","meta":{"footnotes":""},"categories":[9],"tags":[],"class_list":["post-765","post","type-post","status-publish","format-standard","hentry","category-travers-du-vent-3"],"_links":{"self":[{"href":"https:\/\/www.les-travers-du-vent.ch\/index.php\/wp-json\/wp\/v2\/posts\/765","targetHints":{"allow":["GET"]}}],"collection":[{"href":"https:\/\/www.les-travers-du-vent.ch\/index.php\/wp-json\/wp\/v2\/posts"}],"about":[{"href":"https:\/\/www.les-travers-du-vent.ch\/index.php\/wp-json\/wp\/v2\/types\/post"}],"author":[{"embeddable":true,"href":"https:\/\/www.les-travers-du-vent.ch\/index.php\/wp-json\/wp\/v2\/users\/1"}],"replies":[{"embeddable":true,"href":"https:\/\/www.les-travers-du-vent.ch\/index.php\/wp-json\/wp\/v2\/comments?post=765"}],"version-history":[{"count":4,"href":"https:\/\/www.les-travers-du-vent.ch\/index.php\/wp-json\/wp\/v2\/posts\/765\/revisions"}],"predecessor-version":[{"id":769,"href":"https:\/\/www.les-travers-du-vent.ch\/index.php\/wp-json\/wp\/v2\/posts\/765\/revisions\/769"}],"wp:attachment":[{"href":"https:\/\/www.les-travers-du-vent.ch\/index.php\/wp-json\/wp\/v2\/media?parent=765"}],"wp:term":[{"taxonomy":"category","embeddable":true,"href":"https:\/\/www.les-travers-du-vent.ch\/index.php\/wp-json\/wp\/v2\/categories?post=765"},{"taxonomy":"post_tag","embeddable":true,"href":"https:\/\/www.les-travers-du-vent.ch\/index.php\/wp-json\/wp\/v2\/tags?post=765"}],"curies":[{"name":"wp","href":"https:\/\/api.w.org\/{rel}","templated":true}]}}