{"id":799,"date":"2021-07-21T06:52:24","date_gmt":"2021-07-21T06:52:24","guid":{"rendered":"https:\/\/www.les-travers-du-vent.ch\/?p=799"},"modified":"2021-07-21T06:52:24","modified_gmt":"2021-07-21T06:52:24","slug":"un-rosier-a-la-place-des-eoliennes","status":"publish","type":"post","link":"https:\/\/www.les-travers-du-vent.ch\/index.php\/2021\/07\/21\/un-rosier-a-la-place-des-eoliennes\/","title":{"rendered":"Un rosier \u00e0 la place des \u00e9oliennes"},"content":{"rendered":"\n<p>Belle r\u00e9ussite pour la manifestation ce dimanche 18 juillet \u00e0 Ste-Croix, \u00e0 quelques pas du Val-de-Travers. Plus de 80 personnes se sont r\u00e9unies pour d\u00e9fendre notre environnement, notre biodiversit\u00e9, et notre cadre de vie, menac\u00e9s par la construction de dizaines d&rsquo;\u00e9oliennes. Le premier projet en passe d&rsquo;\u00eatre construit, suite \u00e0 la r\u00e9cente d\u00e9cision du Tribunal f\u00e9d\u00e9ral, est celui de Ste-Croix, o\u00f9 les pelleteuses peuvent d\u00e9barquer d&rsquo;un jour \u00e0 l&rsquo;autre pour transformer de fantastiques p\u00e2turages bois\u00e9s jurassiens en zone industrielle \u00e9olienne . Le chansonnier Michel B\u00fchler plante un rosier \u00e0 l&#8217;emplacement pr\u00e9vu pour chacune des 6 turbines qui vont surplomber la localit\u00e9. <\/p>\n\n\n\n<figure class=\"wp-block-gallery columns-1 is-cropped wp-block-gallery-1 is-layout-flex wp-block-gallery-is-layout-flex\"><ul class=\"blocks-gallery-grid\"><li class=\"blocks-gallery-item\"><figure><img loading=\"lazy\" decoding=\"async\" width=\"1024\" height=\"768\" src=\"https:\/\/www.les-travers-du-vent.ch\/wp-content\/uploads\/2021\/07\/IMG_8622-1-1024x768.jpg\" alt=\"\" data-id=\"801\" data-full-url=\"https:\/\/www.les-travers-du-vent.ch\/wp-content\/uploads\/2021\/07\/IMG_8622-1-scaled.jpg\" data-link=\"https:\/\/www.les-travers-du-vent.ch\/?attachment_id=801\" class=\"wp-image-801\" srcset=\"https:\/\/www.les-travers-du-vent.ch\/wp-content\/uploads\/2021\/07\/IMG_8622-1-1024x768.jpg 1024w, https:\/\/www.les-travers-du-vent.ch\/wp-content\/uploads\/2021\/07\/IMG_8622-1-300x225.jpg 300w, https:\/\/www.les-travers-du-vent.ch\/wp-content\/uploads\/2021\/07\/IMG_8622-1-768x576.jpg 768w, https:\/\/www.les-travers-du-vent.ch\/wp-content\/uploads\/2021\/07\/IMG_8622-1-1536x1152.jpg 1536w, https:\/\/www.les-travers-du-vent.ch\/wp-content\/uploads\/2021\/07\/IMG_8622-1-2048x1536.jpg 2048w\" sizes=\"auto, (max-width: 706px) 89vw, (max-width: 767px) 82vw, 740px\" \/><figcaption class=\"blocks-gallery-item__caption\">Michel B\u00fchler au Mont des Cerfs, au dessus de Ste Croix<\/figcaption><\/figure><\/li><\/ul><\/figure>\n\n\n\n<p>Voir aussi le reportage de Canal Alpha ici:<strong> <a href=\"https:\/\/www.canalalpha.ch\/play\/le-journal\/topic\/23476\/a-sainte-croix-les-anti-eoliens-nabdiquent-pas\" target=\"_blank\" rel=\"noreferrer noopener\">lien<\/a><\/strong><\/p>\n","protected":false},"excerpt":{"rendered":"<p>Belle r\u00e9ussite pour la manifestation ce dimanche 18 juillet \u00e0 Ste-Croix, \u00e0 quelques pas du Val-de-Travers. Plus de 80 personnes se sont r\u00e9unies pour d\u00e9fendre notre environnement, notre biodiversit\u00e9, et notre cadre de vie, menac\u00e9s par la construction de dizaines d&rsquo;\u00e9oliennes. Le premier projet en passe d&rsquo;\u00eatre construit, suite \u00e0 la r\u00e9cente d\u00e9cision du Tribunal &hellip; <\/p>\n<p class=\"link-more\"><a href=\"https:\/\/www.les-travers-du-vent.ch\/index.php\/2021\/07\/21\/un-rosier-a-la-place-des-eoliennes\/\" class=\"more-link\">Continuer la lecture<span class=\"screen-reader-text\"> de &laquo;&nbsp;Un rosier \u00e0 la place des \u00e9oliennes&nbsp;&raquo;<\/span><\/a><\/p>\n","protected":false},"author":1,"featured_media":0,"comment_status":"closed","ping_status":"closed","sticky":false,"template":"","format":"standard","meta":{"footnotes":""},"categories":[9],"tags":[],"class_list":["post-799","post","type-post","status-publish","format-standard","hentry","category-travers-du-vent-3"],"_links":{"self":[{"href":"https:\/\/www.les-travers-du-vent.ch\/index.php\/wp-json\/wp\/v2\/posts\/799","targetHints":{"allow":["GET"]}}],"collection":[{"href":"https:\/\/www.les-travers-du-vent.ch\/index.php\/wp-json\/wp\/v2\/posts"}],"about":[{"href":"https:\/\/www.les-travers-du-vent.ch\/index.php\/wp-json\/wp\/v2\/types\/post"}],"author":[{"embeddable":true,"href":"https:\/\/www.les-travers-du-vent.ch\/index.php\/wp-json\/wp\/v2\/users\/1"}],"replies":[{"embeddable":true,"href":"https:\/\/www.les-travers-du-vent.ch\/index.php\/wp-json\/wp\/v2\/comments?post=799"}],"version-history":[{"count":2,"href":"https:\/\/www.les-travers-du-vent.ch\/index.php\/wp-json\/wp\/v2\/posts\/799\/revisions"}],"predecessor-version":[{"id":802,"href":"https:\/\/www.les-travers-du-vent.ch\/index.php\/wp-json\/wp\/v2\/posts\/799\/revisions\/802"}],"wp:attachment":[{"href":"https:\/\/www.les-travers-du-vent.ch\/index.php\/wp-json\/wp\/v2\/media?parent=799"}],"wp:term":[{"taxonomy":"category","embeddable":true,"href":"https:\/\/www.les-travers-du-vent.ch\/index.php\/wp-json\/wp\/v2\/categories?post=799"},{"taxonomy":"post_tag","embeddable":true,"href":"https:\/\/www.les-travers-du-vent.ch\/index.php\/wp-json\/wp\/v2\/tags?post=799"}],"curies":[{"name":"wp","href":"https:\/\/api.w.org\/{rel}","templated":true}]}}