{"id":851,"date":"2021-10-18T14:06:18","date_gmt":"2021-10-18T14:06:18","guid":{"rendered":"https:\/\/www.les-travers-du-vent.ch\/?p=851"},"modified":"2021-10-18T14:06:18","modified_gmt":"2021-10-18T14:06:18","slug":"la-destruction-est-en-marche-a-ste-croix","status":"publish","type":"post","link":"https:\/\/www.les-travers-du-vent.ch\/index.php\/2021\/10\/18\/la-destruction-est-en-marche-a-ste-croix\/","title":{"rendered":"La destruction est en marche \u00e0 Ste-Croix"},"content":{"rendered":"\n<p>Voici un tout petit avant-go\u00fbt de ce que risque d&rsquo;\u00eatre la Montagne de Buttes dans quelques mois: un vaste chantier qui d\u00e9fonce toute la montagne, an\u00e9antit sa biodiversit\u00e9 et transforme le secteur en gigantesque zone industrielle. Au nom de l&rsquo;\u00e9cologie et du climat! A Ste-Croix, ce sont 6 machines, \u00e0 la Montagne de Buttes 19. Que font nos politiques? Ils et elles se taisent, toutes et tous se taisent. <\/p>\n\n\n\n<figure class=\"wp-block-embed is-type-video is-provider-youtube wp-block-embed-youtube wp-embed-aspect-16-9 wp-has-aspect-ratio\"><div class=\"wp-block-embed__wrapper\">\n<iframe loading=\"lazy\" title=\"Ste-Croix, Non aux \u00e9oliennes, Mont des Cerfs bless\u00e9\" width=\"525\" height=\"295\" src=\"https:\/\/www.youtube.com\/embed\/9jqJGmRVIGQ?feature=oembed\" frameborder=\"0\" allow=\"accelerometer; autoplay; clipboard-write; encrypted-media; gyroscope; picture-in-picture; web-share\" referrerpolicy=\"strict-origin-when-cross-origin\" allowfullscreen><\/iframe>\n<\/div><\/figure>\n\n\n\n<figure class=\"wp-block-embed is-type-video is-provider-youtube wp-block-embed-youtube wp-embed-aspect-16-9 wp-has-aspect-ratio\"><div class=\"wp-block-embed__wrapper\">\n<iframe loading=\"lazy\" title=\"D\u00e9but des travaux d&#039;une centrale \u00e9olienne (Jura Suisse)\" width=\"525\" height=\"295\" src=\"https:\/\/www.youtube.com\/embed\/dGH3EubAfmw?feature=oembed\" frameborder=\"0\" allow=\"accelerometer; autoplay; clipboard-write; encrypted-media; gyroscope; picture-in-picture; web-share\" referrerpolicy=\"strict-origin-when-cross-origin\" allowfullscreen><\/iframe>\n<\/div><\/figure>\n","protected":false},"excerpt":{"rendered":"<p>Voici un tout petit avant-go\u00fbt de ce que risque d&rsquo;\u00eatre la Montagne de Buttes dans quelques mois: un vaste chantier qui d\u00e9fonce toute la montagne, an\u00e9antit sa biodiversit\u00e9 et transforme le secteur en gigantesque zone industrielle. Au nom de l&rsquo;\u00e9cologie et du climat! A Ste-Croix, ce sont 6 machines, \u00e0 la Montagne de Buttes 19. &hellip; <\/p>\n<p class=\"link-more\"><a href=\"https:\/\/www.les-travers-du-vent.ch\/index.php\/2021\/10\/18\/la-destruction-est-en-marche-a-ste-croix\/\" class=\"more-link\">Continuer la lecture<span class=\"screen-reader-text\"> de &laquo;&nbsp;La destruction est en marche \u00e0 Ste-Croix&nbsp;&raquo;<\/span><\/a><\/p>\n","protected":false},"author":1,"featured_media":0,"comment_status":"closed","ping_status":"closed","sticky":false,"template":"","format":"standard","meta":{"footnotes":""},"categories":[9],"tags":[],"class_list":["post-851","post","type-post","status-publish","format-standard","hentry","category-travers-du-vent-3"],"_links":{"self":[{"href":"https:\/\/www.les-travers-du-vent.ch\/index.php\/wp-json\/wp\/v2\/posts\/851","targetHints":{"allow":["GET"]}}],"collection":[{"href":"https:\/\/www.les-travers-du-vent.ch\/index.php\/wp-json\/wp\/v2\/posts"}],"about":[{"href":"https:\/\/www.les-travers-du-vent.ch\/index.php\/wp-json\/wp\/v2\/types\/post"}],"author":[{"embeddable":true,"href":"https:\/\/www.les-travers-du-vent.ch\/index.php\/wp-json\/wp\/v2\/users\/1"}],"replies":[{"embeddable":true,"href":"https:\/\/www.les-travers-du-vent.ch\/index.php\/wp-json\/wp\/v2\/comments?post=851"}],"version-history":[{"count":1,"href":"https:\/\/www.les-travers-du-vent.ch\/index.php\/wp-json\/wp\/v2\/posts\/851\/revisions"}],"predecessor-version":[{"id":852,"href":"https:\/\/www.les-travers-du-vent.ch\/index.php\/wp-json\/wp\/v2\/posts\/851\/revisions\/852"}],"wp:attachment":[{"href":"https:\/\/www.les-travers-du-vent.ch\/index.php\/wp-json\/wp\/v2\/media?parent=851"}],"wp:term":[{"taxonomy":"category","embeddable":true,"href":"https:\/\/www.les-travers-du-vent.ch\/index.php\/wp-json\/wp\/v2\/categories?post=851"},{"taxonomy":"post_tag","embeddable":true,"href":"https:\/\/www.les-travers-du-vent.ch\/index.php\/wp-json\/wp\/v2\/tags?post=851"}],"curies":[{"name":"wp","href":"https:\/\/api.w.org\/{rel}","templated":true}]}}