{"id":926,"date":"2023-02-22T06:49:58","date_gmt":"2023-02-22T06:49:58","guid":{"rendered":"https:\/\/www.les-travers-du-vent.ch\/?p=926"},"modified":"2023-02-27T06:18:44","modified_gmt":"2023-02-27T06:18:44","slug":"le-silence-des-oiseaux-une-conference-images-de-francois-turrian-le-23-mars","status":"publish","type":"post","link":"https:\/\/www.les-travers-du-vent.ch\/index.php\/2023\/02\/22\/le-silence-des-oiseaux-une-conference-images-de-francois-turrian-le-23-mars\/","title":{"rendered":"\u00ab\u00a0Le silence des oiseaux\u00a0\u00bb : une conf\u00e9rence-images de Fran\u00e7ois Turrian le 23 mars"},"content":{"rendered":"\n<p><\/p>\n\n\n\n<figure class=\"wp-block-image size-full\"><img loading=\"lazy\" decoding=\"async\" width=\"640\" height=\"452\" src=\"https:\/\/www.les-travers-du-vent.ch\/wp-content\/uploads\/2023\/02\/Francois-Turrian-photo.jpeg\" alt=\"(c) Birdlife\" class=\"wp-image-928\" srcset=\"https:\/\/www.les-travers-du-vent.ch\/wp-content\/uploads\/2023\/02\/Francois-Turrian-photo.jpeg 640w, https:\/\/www.les-travers-du-vent.ch\/wp-content\/uploads\/2023\/02\/Francois-Turrian-photo-300x212.jpeg 300w\" sizes=\"auto, (max-width: 640px) 100vw, 640px\" \/><figcaption class=\"wp-element-caption\">(c) Birdlife<\/figcaption><\/figure>\n\n\n\n<p>L\u2019Association Les Travers du Vent a le plaisir d\u2019inviter <strong>Fran\u00e7ois Turrian<\/strong>, biologiste, directeur romand de BirdLife Suisse, chroniqueur \u00e0 la RTS.<\/p>\n\n\n\n<p>Les oiseaux sont, en plus d\u2019\u00eatre sources de beaut\u00e9 et d\u2019inspiration, de fantastiques barom\u00e8tres de notre environnement. Aujourd\u2019hui, ils sont plus que jamais sous pression. La faute aux pratiques inadapt\u00e9es de l\u2019esp\u00e8ce humaine. Le conf\u00e9rencier pr\u00e9sentera la situation des oiseaux de nos r\u00e9gions et les pistes pour \u00e9viter de devoir vivre \u00e0 l\u2019avenir des printemps silencieux.<\/p>\n\n\n\n<p class=\"has-text-align-left\"><strong>Quand&nbsp;:<\/strong> Jeudi 23 mars 2023, 20:00 heures<br><strong>O\u00f9&nbsp;:<\/strong> Grande salle Fleurisia, Rue du Pr\u00e9 8, Fleurier<br><strong>Et encore&nbsp;:<\/strong> Entr\u00e9e libre, ap\u00e9ritif offert<\/p>\n\n\n\n<p>Photo: (c) BirdLife<\/p>\n","protected":false},"excerpt":{"rendered":"<p>L\u2019Association Les Travers du Vent a le plaisir d\u2019inviter Fran\u00e7ois Turrian, biologiste, directeur romand de BirdLife Suisse, chroniqueur \u00e0 la RTS. Les oiseaux sont, en plus d\u2019\u00eatre sources de beaut\u00e9 et d\u2019inspiration, de fantastiques barom\u00e8tres de notre environnement. Aujourd\u2019hui, ils sont plus que jamais sous pression. La faute aux pratiques inadapt\u00e9es de l\u2019esp\u00e8ce humaine. Le &hellip; <\/p>\n<p class=\"link-more\"><a href=\"https:\/\/www.les-travers-du-vent.ch\/index.php\/2023\/02\/22\/le-silence-des-oiseaux-une-conference-images-de-francois-turrian-le-23-mars\/\" class=\"more-link\">Continuer la lecture<span class=\"screen-reader-text\"> de &laquo;&nbsp;\u00ab\u00a0Le silence des oiseaux\u00a0\u00bb : une conf\u00e9rence-images de Fran\u00e7ois Turrian le 23 mars&nbsp;&raquo;<\/span><\/a><\/p>\n","protected":false},"author":1,"featured_media":0,"comment_status":"closed","ping_status":"closed","sticky":false,"template":"","format":"standard","meta":{"footnotes":""},"categories":[9],"tags":[],"class_list":["post-926","post","type-post","status-publish","format-standard","hentry","category-travers-du-vent-3"],"_links":{"self":[{"href":"https:\/\/www.les-travers-du-vent.ch\/index.php\/wp-json\/wp\/v2\/posts\/926","targetHints":{"allow":["GET"]}}],"collection":[{"href":"https:\/\/www.les-travers-du-vent.ch\/index.php\/wp-json\/wp\/v2\/posts"}],"about":[{"href":"https:\/\/www.les-travers-du-vent.ch\/index.php\/wp-json\/wp\/v2\/types\/post"}],"author":[{"embeddable":true,"href":"https:\/\/www.les-travers-du-vent.ch\/index.php\/wp-json\/wp\/v2\/users\/1"}],"replies":[{"embeddable":true,"href":"https:\/\/www.les-travers-du-vent.ch\/index.php\/wp-json\/wp\/v2\/comments?post=926"}],"version-history":[{"count":5,"href":"https:\/\/www.les-travers-du-vent.ch\/index.php\/wp-json\/wp\/v2\/posts\/926\/revisions"}],"predecessor-version":[{"id":936,"href":"https:\/\/www.les-travers-du-vent.ch\/index.php\/wp-json\/wp\/v2\/posts\/926\/revisions\/936"}],"wp:attachment":[{"href":"https:\/\/www.les-travers-du-vent.ch\/index.php\/wp-json\/wp\/v2\/media?parent=926"}],"wp:term":[{"taxonomy":"category","embeddable":true,"href":"https:\/\/www.les-travers-du-vent.ch\/index.php\/wp-json\/wp\/v2\/categories?post=926"},{"taxonomy":"post_tag","embeddable":true,"href":"https:\/\/www.les-travers-du-vent.ch\/index.php\/wp-json\/wp\/v2\/tags?post=926"}],"curies":[{"name":"wp","href":"https:\/\/api.w.org\/{rel}","templated":true}]}}