{"id":991,"date":"2024-06-24T05:35:03","date_gmt":"2024-06-24T05:35:03","guid":{"rendered":"https:\/\/www.les-travers-du-vent.ch\/?p=991"},"modified":"2024-06-24T05:38:21","modified_gmt":"2024-06-24T05:38:21","slug":"parc-eolien-de-la-montagne-de-buttes-le-tribunal-cantonal-annule-les-permis-de-construire","status":"publish","type":"post","link":"https:\/\/www.les-travers-du-vent.ch\/index.php\/2024\/06\/24\/parc-eolien-de-la-montagne-de-buttes-le-tribunal-cantonal-annule-les-permis-de-construire\/","title":{"rendered":"Parc \u00e9olien de la Montagne de Buttes\u00a0: le Tribunal cantonal annule les permis de construire"},"content":{"rendered":"\n<p><b><span style=\"font-size:11.0pt;font-family:&quot;Arial&quot;,sans-serif;\nmso-fareast-font-family:Calibri;mso-fareast-theme-font:minor-latin;mso-ansi-language:\nFR-CH;mso-fareast-language:EN-US;mso-bidi-language:AR-SA\">Le mod\u00e8le d\u2019\u00e9oliennes doit \u00eatre pr\u00e9vu dans le permis de construire. C\u2019est ce qu\u2019estime le Tribunal cantonal neuch\u00e2telois dans le cadre de la proc\u00e9dure de permis de construire du parc \u00e9olien de la Montagne de Buttes. La Cour annule les permis de construire et casse la d\u00e9cision du Conseil d\u2019Etat, qui les avait valid\u00e9s. Sauf recours du promoteur au Tribunal f\u00e9d\u00e9ral, ce volet de la proc\u00e9dure du parc \u00e9olien retourne \u00e0 la case d\u00e9part. Le projet \u00e9olien est ainsi frein\u00e9, mais pas stopp\u00e9. Pour rappel, le Tribunal f\u00e9d\u00e9ral a valid\u00e9 le plan d&rsquo;affectation l&rsquo;automne pass\u00e9<\/span><\/b><\/p>\n\n\n\n<figure class=\"wp-block-image size-large\"><img loading=\"lazy\" decoding=\"async\" width=\"1024\" height=\"460\" src=\"https:\/\/www.les-travers-du-vent.ch\/wp-content\/uploads\/2020\/01\/MdB_Bayards_video-scaled-e1579587141768-1024x460.jpg\" alt=\"\" class=\"wp-image-727\" srcset=\"https:\/\/www.les-travers-du-vent.ch\/wp-content\/uploads\/2020\/01\/MdB_Bayards_video-scaled-e1579587141768-1024x460.jpg 1024w, https:\/\/www.les-travers-du-vent.ch\/wp-content\/uploads\/2020\/01\/MdB_Bayards_video-scaled-e1579587141768-300x135.jpg 300w, https:\/\/www.les-travers-du-vent.ch\/wp-content\/uploads\/2020\/01\/MdB_Bayards_video-scaled-e1579587141768-768x345.jpg 768w, https:\/\/www.les-travers-du-vent.ch\/wp-content\/uploads\/2020\/01\/MdB_Bayards_video-scaled-e1579587141768-1536x691.jpg 1536w, https:\/\/www.les-travers-du-vent.ch\/wp-content\/uploads\/2020\/01\/MdB_Bayards_video-scaled-e1579587141768-2048x921.jpg 2048w\" sizes=\"auto, (max-width: 706px) 89vw, (max-width: 767px) 82vw, 740px\" \/><\/figure>\n\n\n\n<p>Dans un arr\u00eat rendu le 18&nbsp;juin, le Tribunal cantonal donne un coup de frein \u00e0 la proc\u00e9dure de construction du parc \u00e9olien de la Montagne de Buttes, port\u00e9 par Groupe E et les Services industriels de Gen\u00e8ve SIG. Les permis de construire accord\u00e9s par les communes de Val-de-Travers, des Verri\u00e8res et de La C\u00f4te-aux-F\u00e9es sont annul\u00e9s. Si un recours n\u2019est pas d\u00e9pos\u00e9 (ou s\u2019il est d\u00e9pos\u00e9 et rejet\u00e9), le dossier retournera aux communes pour qu\u2019elles reprennent la proc\u00e9dure de permis de construire. Pour rappel, le plan d&rsquo;affectation a, lui, d\u00e9j\u00e0 \u00e9t\u00e9 valid\u00e9 par le Tribunal f\u00e9d\u00e9ral dans le cadre d&rsquo;une autre proc\u00e9dure.<\/p>\n\n\n\n<p>\u00ab&nbsp;Je suis satisfait que la Cour de droit public indique clairement ce que nous avons toujours soutenu, \u00e0 savoir que le mod\u00e8le d\u2019\u00e9oliennes doit \u00eatre pr\u00e9vu dans le permis de construire&nbsp;\u00bb, estime Thierry Ray, pr\u00e9sident de l\u2019Association Les Travers du Vent et conseiller g\u00e9n\u00e9ral \u00e0 Val-de-Travers, car \u00ab&nbsp;le type de machine et ses dimensions ont des incidences directes sur le bruit et la projection d\u2019ombres \u00bb.<\/p>\n\n\n\n<p>La Cour estime \u00e9galement que le r\u00e9cent arr\u00eat du TF relatif au plan d\u2019affectation doit \u00eatre pris en compte s\u00e9rieusement au travers de mesures concr\u00e8tes en faveur de l\u2019aigle royal et pour r\u00e9duire les nuisances li\u00e9es aux projections d\u2019ombres mobiles.<\/p>\n\n\n\n<p>Si la d\u00e9cision du Tribunal cantonal devait \u00eatre confirm\u00e9e, elle se r\u00e9percuterait sur toutes les autres proc\u00e9dures en cours dans le Canton de Neuch\u00e2tel, \u00e0 savoir Cr\u00eat-Meuron, Montperreux (\u00ab&nbsp;Eole-de-Ruz&nbsp;\u00bb) et La Joux-du-Pl\u00e2ne. Elle montre ainsi qu\u2019un soin particulier doit \u00eatre accord\u00e9 aux proc\u00e9dures pour des installations \u00e9oliennes, gravement impactantes pour la biodiversit\u00e9 et les riverains.<\/p>\n\n\n\n<p>Vers l&rsquo;arr\u00eat du Tribunal cantonal: <strong><a href=\"https:\/\/www.les-travers-du-vent.ch\/wp-content\/uploads\/2024\/06\/Arret_CDP_18.06.2024.pdf\" target=\"_blank\" rel=\"noreferrer noopener\">ici<\/a><\/strong><\/p>\n","protected":false},"excerpt":{"rendered":"<p>Le mod\u00e8le d\u2019\u00e9oliennes doit \u00eatre pr\u00e9vu dans le permis de construire. C\u2019est ce qu\u2019estime le Tribunal cantonal neuch\u00e2telois dans le cadre de la proc\u00e9dure de permis de construire du parc \u00e9olien de la Montagne de Buttes. La Cour annule les permis de construire et casse la d\u00e9cision du Conseil d\u2019Etat, qui les avait valid\u00e9s. Sauf &hellip; <\/p>\n<p class=\"link-more\"><a href=\"https:\/\/www.les-travers-du-vent.ch\/index.php\/2024\/06\/24\/parc-eolien-de-la-montagne-de-buttes-le-tribunal-cantonal-annule-les-permis-de-construire\/\" class=\"more-link\">Continuer la lecture<span class=\"screen-reader-text\"> de &laquo;&nbsp;Parc \u00e9olien de la Montagne de Buttes\u00a0: le Tribunal cantonal annule les permis de construire&nbsp;&raquo;<\/span><\/a><\/p>\n","protected":false},"author":1,"featured_media":0,"comment_status":"closed","ping_status":"closed","sticky":false,"template":"","format":"standard","meta":{"footnotes":""},"categories":[9],"tags":[],"class_list":["post-991","post","type-post","status-publish","format-standard","hentry","category-travers-du-vent-3"],"_links":{"self":[{"href":"https:\/\/www.les-travers-du-vent.ch\/index.php\/wp-json\/wp\/v2\/posts\/991","targetHints":{"allow":["GET"]}}],"collection":[{"href":"https:\/\/www.les-travers-du-vent.ch\/index.php\/wp-json\/wp\/v2\/posts"}],"about":[{"href":"https:\/\/www.les-travers-du-vent.ch\/index.php\/wp-json\/wp\/v2\/types\/post"}],"author":[{"embeddable":true,"href":"https:\/\/www.les-travers-du-vent.ch\/index.php\/wp-json\/wp\/v2\/users\/1"}],"replies":[{"embeddable":true,"href":"https:\/\/www.les-travers-du-vent.ch\/index.php\/wp-json\/wp\/v2\/comments?post=991"}],"version-history":[{"count":5,"href":"https:\/\/www.les-travers-du-vent.ch\/index.php\/wp-json\/wp\/v2\/posts\/991\/revisions"}],"predecessor-version":[{"id":998,"href":"https:\/\/www.les-travers-du-vent.ch\/index.php\/wp-json\/wp\/v2\/posts\/991\/revisions\/998"}],"wp:attachment":[{"href":"https:\/\/www.les-travers-du-vent.ch\/index.php\/wp-json\/wp\/v2\/media?parent=991"}],"wp:term":[{"taxonomy":"category","embeddable":true,"href":"https:\/\/www.les-travers-du-vent.ch\/index.php\/wp-json\/wp\/v2\/categories?post=991"},{"taxonomy":"post_tag","embeddable":true,"href":"https:\/\/www.les-travers-du-vent.ch\/index.php\/wp-json\/wp\/v2\/tags?post=991"}],"curies":[{"name":"wp","href":"https:\/\/api.w.org\/{rel}","templated":true}]}}